{"id":943,"date":"2017-10-14T07:56:42","date_gmt":"2017-10-14T07:56:42","guid":{"rendered":"https:\/\/kurdi.saredariyenrojava.com\/?p=943"},"modified":"2017-10-14T07:56:42","modified_gmt":"2017-10-14T07:56:42","slug":"li-kantona-cizire-reveberiya-ekolojiye-pirogrameke-ji-bo-candina-canda-paqijiye-bi-re-dixe","status":"publish","type":"post","link":"https:\/\/kurdi.saredariyenrojava.com\/?p=943","title":{"rendered":"Li kantona Ciz\u00eer\u00ea r\u00eaveberiya ekolojiy\u00ea pirogramek\u00ea  ji  bo \u00e7andina \u00e7anda paqijiy\u00ea bi r\u00ea  dixe"},"content":{"rendered":"<p>Paqij\u00ee \u00e7andeke ji \u015farestaniy\u00ea ye \u00fb be\u015fek nay\u00ea cudakirin ji civaka p\u00ea\u015fket\u00ee .<\/p>\n<p>Di bin dir\u00fb\u015fmeya &#8221; paqijiya bajar\u00ea min ji erk\u00ea min e &#8221; desteya \u015faredariyan \u00fb ekolojiy\u00ea r\u00eaveberiya ekolojiy\u00ea \u00fb bi hevr\u00eaziya r\u00eaveberiya jin\u00ea y\u00ea di r\u00eaveberiya xweser de bingaveke paqijiy\u00ea li hem\u00fb bajar \u00fb \u015faredariy\u00ean kanton\u00ea bi r\u00eaxistin.<\/p>\n<p>Herwiha bingava paqij\u00ee li bajara Qami\u015flo ji bazirgeha Hut\u00een\u00ea li taxa rojavay\u00ea bi hevr\u00eaz\u00ee tev hers\u00ea \u015faredariy\u00ean Qami\u015flo dest p\u00ea kir . Ev bingav ji\u00a0 bo hi\u015fyarkirina welatiyan bi giringiya paqijiy\u00ea \u00fb j\u00eengeheka paqij hat r\u00eaxistin . Di v\u00ea derbar\u00ea de ji\u00a0 bo parestina j\u00eengeh\u00ea \u00fb \u00e7awa ku em gel\u00ea\u015f\u00ea bi awayek\u00ee saxlem xelas bibin\u00a0 ji\u00a0 bo r\u00ea li nexwe\u015fiyan bigirin biri\u015for hatin belavkirin .<\/p>\n<p><strong>Niv\u00eesgeha ragihandin\u00ea y\u00ea desteya \u015faredariyan \u00fb ekoloj\u00ee<\/strong><\/p>\n","protected":false},"excerpt":{"rendered":"<p>Paqij\u00ee \u00e7andeke ji \u015farestaniy\u00ea ye \u00fb be\u015fek nay\u00ea cudakirin ji civaka p\u00ea\u015fket\u00ee . Di bin dir\u00fb\u015fmeya &#8221; paqijiya bajar\u00ea min ji erk\u00ea min e &#8221; desteya \u015faredariyan \u00fb ekolojiy\u00ea r\u00eaveberiya ekolojiy\u00ea \u00fb bi hevr\u00eaziya r\u00eaveberiya jin\u00ea y\u00ea di r\u00eaveberiya xweser de bingaveke paqijiy\u00ea li hem\u00fb bajar \u00fb \u015faredariy\u00ean kanton\u00ea bi r\u00eaxistin. Herwiha bingava paqij\u00ee li bajara Qami\u015flo ji bazirgeha Hut\u00een\u00ea li taxa rojavay\u00ea bi hevr\u00eaz\u00ee tev hers\u00ea \u015faredariy\u00ean Qami\u015flo dest p\u00ea kir . Ev bingav ji\u00a0 bo hi\u015fyarkirina welatiyan bi giringiya paqijiy\u00ea \u00fb j\u00eengeheka paqij hat r\u00eaxistin . Di v\u00ea derbar\u00ea de ji\u00a0 bo parestina j\u00eengeh\u00ea \u00fb \u00e7awa ku em [&hellip;]<\/p>\n","protected":false},"author":3,"featured_media":944,"comment_status":"open","ping_status":"open","sticky":false,"template":"","format":"standard","meta":{"footnotes":""},"categories":[5],"tags":[],"class_list":["post-943","post","type-post","status-publish","format-standard","has-post-thumbnail","hentry","category-desthilatiya"],"yoast_head":"<!-- This site is optimized with the Yoast SEO plugin v27.2 - https:\/\/yoast.com\/product\/yoast-seo-wordpress\/ -->\n<title>Li kantona Ciz\u00eer\u00ea r\u00eaveberiya ekolojiy\u00ea pirogramek\u00ea ji bo \u00e7andina \u00e7anda paqijiy\u00ea bi r\u00ea dixe - SaredariyenRojAva<\/title>\n<meta name=\"robots\" content=\"index, follow, max-snippet:-1, max-image-preview:large, max-video-preview:-1\" \/>\n<link rel=\"canonical\" href=\"https:\/\/kurdi.saredariyenrojava.com\/?p=943\" \/>\n<meta property=\"og:locale\" content=\"en_US\" \/>\n<meta property=\"og:type\" content=\"article\" \/>\n<meta property=\"og:title\" content=\"Li kantona Ciz\u00eer\u00ea r\u00eaveberiya ekolojiy\u00ea pirogramek\u00ea ji bo \u00e7andina \u00e7anda paqijiy\u00ea bi r\u00ea dixe - SaredariyenRojAva\" \/>\n<meta property=\"og:description\" content=\"Paqij\u00ee \u00e7andeke ji \u015farestaniy\u00ea ye \u00fb be\u015fek nay\u00ea cudakirin ji civaka p\u00ea\u015fket\u00ee . Di bin dir\u00fb\u015fmeya &#8221; paqijiya bajar\u00ea min ji erk\u00ea min e &#8221; desteya \u015faredariyan \u00fb ekolojiy\u00ea r\u00eaveberiya ekolojiy\u00ea \u00fb bi hevr\u00eaziya r\u00eaveberiya jin\u00ea y\u00ea di r\u00eaveberiya xweser de bingaveke paqijiy\u00ea li hem\u00fb bajar \u00fb \u015faredariy\u00ean kanton\u00ea bi r\u00eaxistin. Herwiha bingava paqij\u00ee li bajara Qami\u015flo ji bazirgeha Hut\u00een\u00ea li taxa rojavay\u00ea bi hevr\u00eaz\u00ee tev hers\u00ea \u015faredariy\u00ean Qami\u015flo dest p\u00ea kir . Ev bingav ji\u00a0 bo hi\u015fyarkirina welatiyan bi giringiya paqijiy\u00ea \u00fb j\u00eengeheka paqij hat r\u00eaxistin . Di v\u00ea derbar\u00ea de ji\u00a0 bo parestina j\u00eengeh\u00ea \u00fb \u00e7awa ku em [&hellip;]\" \/>\n<meta property=\"og:url\" content=\"https:\/\/kurdi.saredariyenrojava.com\/?p=943\" \/>\n<meta property=\"og:site_name\" content=\"SaredariyenRojAva\" \/>\n<meta property=\"article:publisher\" content=\"https:\/\/www.facebook.com\/saredariyenrojava\" \/>\n<meta property=\"article:published_time\" content=\"2017-10-14T07:56:42+00:00\" \/>\n<meta property=\"og:image\" content=\"https:\/\/kurdi.saredariyenrojava.com\/wp-content\/uploads\/2017\/10\/22494604_366253197138408_2066006694_o.jpg\" \/>\n\t<meta property=\"og:image:width\" content=\"2048\" \/>\n\t<meta property=\"og:image:height\" content=\"1153\" \/>\n\t<meta property=\"og:image:type\" content=\"image\/jpeg\" \/>\n<meta name=\"author\" content=\"\u0627\u0644\u0645\u0643\u062a\u0628 \u0627\u0644\u0627\u0639\u0644\u0627\u0645\u064a\" \/>\n<meta name=\"twitter:card\" content=\"summary_large_image\" \/>\n<meta name=\"twitter:creator\" content=\"@saredariyenroja\" \/>\n<meta name=\"twitter:site\" content=\"@saredariyenroja\" \/>\n<meta name=\"twitter:label1\" content=\"Written by\" \/>\n\t<meta name=\"twitter:data1\" content=\"\u0627\u0644\u0645\u0643\u062a\u0628 \u0627\u0644\u0627\u0639\u0644\u0627\u0645\u064a\" \/>\n\t<meta name=\"twitter:label2\" content=\"Est. reading time\" \/>\n\t<meta name=\"twitter:data2\" content=\"1 minute\" \/>\n<script type=\"application\/ld+json\" class=\"yoast-schema-graph\">{\"@context\":\"https:\/\/schema.org\",\"@graph\":[{\"@type\":\"Article\",\"@id\":\"https:\/\/kurdi.saredariyenrojava.com\/?p=943#article\",\"isPartOf\":{\"@id\":\"https:\/\/kurdi.saredariyenrojava.com\/?p=943\"},\"author\":{\"name\":\"\u0627\u0644\u0645\u0643\u062a\u0628 \u0627\u0644\u0627\u0639\u0644\u0627\u0645\u064a\",\"@id\":\"https:\/\/kurdi.saredariyenrojava.com\/#\/schema\/person\/0011128ed0a50e189a526491bfa6e3aa\"},\"headline\":\"Li kantona Ciz\u00eer\u00ea r\u00eaveberiya ekolojiy\u00ea pirogramek\u00ea ji bo \u00e7andina \u00e7anda paqijiy\u00ea bi r\u00ea dixe\",\"datePublished\":\"2017-10-14T07:56:42+00:00\",\"mainEntityOfPage\":{\"@id\":\"https:\/\/kurdi.saredariyenrojava.com\/?p=943\"},\"wordCount\":147,\"commentCount\":0,\"image\":{\"@id\":\"https:\/\/kurdi.saredariyenrojava.com\/?p=943#primaryimage\"},\"thumbnailUrl\":\"https:\/\/kurdi.saredariyenrojava.com\/wp-content\/uploads\/2017\/10\/22494604_366253197138408_2066006694_o.jpg\",\"articleSection\":[\"Desthilatiya\"],\"inLanguage\":\"en-US\",\"potentialAction\":[{\"@type\":\"CommentAction\",\"name\":\"Comment\",\"target\":[\"https:\/\/kurdi.saredariyenrojava.com\/?p=943#respond\"]}]},{\"@type\":\"WebPage\",\"@id\":\"https:\/\/kurdi.saredariyenrojava.com\/?p=943\",\"url\":\"https:\/\/kurdi.saredariyenrojava.com\/?p=943\",\"name\":\"Li kantona Ciz\u00eer\u00ea r\u00eaveberiya ekolojiy\u00ea pirogramek\u00ea ji bo \u00e7andina \u00e7anda paqijiy\u00ea bi r\u00ea dixe - SaredariyenRojAva\",\"isPartOf\":{\"@id\":\"https:\/\/kurdi.saredariyenrojava.com\/#website\"},\"primaryImageOfPage\":{\"@id\":\"https:\/\/kurdi.saredariyenrojava.com\/?p=943#primaryimage\"},\"image\":{\"@id\":\"https:\/\/kurdi.saredariyenrojava.com\/?p=943#primaryimage\"},\"thumbnailUrl\":\"https:\/\/kurdi.saredariyenrojava.com\/wp-content\/uploads\/2017\/10\/22494604_366253197138408_2066006694_o.jpg\",\"datePublished\":\"2017-10-14T07:56:42+00:00\",\"author\":{\"@id\":\"https:\/\/kurdi.saredariyenrojava.com\/#\/schema\/person\/0011128ed0a50e189a526491bfa6e3aa\"},\"breadcrumb\":{\"@id\":\"https:\/\/kurdi.saredariyenrojava.com\/?p=943#breadcrumb\"},\"inLanguage\":\"en-US\",\"potentialAction\":[{\"@type\":\"ReadAction\",\"target\":[\"https:\/\/kurdi.saredariyenrojava.com\/?p=943\"]}]},{\"@type\":\"ImageObject\",\"inLanguage\":\"en-US\",\"@id\":\"https:\/\/kurdi.saredariyenrojava.com\/?p=943#primaryimage\",\"url\":\"https:\/\/kurdi.saredariyenrojava.com\/wp-content\/uploads\/2017\/10\/22494604_366253197138408_2066006694_o.jpg\",\"contentUrl\":\"https:\/\/kurdi.saredariyenrojava.com\/wp-content\/uploads\/2017\/10\/22494604_366253197138408_2066006694_o.jpg\",\"width\":2048,\"height\":1153},{\"@type\":\"BreadcrumbList\",\"@id\":\"https:\/\/kurdi.saredariyenrojava.com\/?p=943#breadcrumb\",\"itemListElement\":[{\"@type\":\"ListItem\",\"position\":1,\"name\":\"Home\",\"item\":\"https:\/\/kurdi.saredariyenrojava.com\/\"},{\"@type\":\"ListItem\",\"position\":2,\"name\":\"Li kantona Ciz\u00eer\u00ea r\u00eaveberiya ekolojiy\u00ea pirogramek\u00ea ji bo \u00e7andina \u00e7anda paqijiy\u00ea bi r\u00ea dixe\"}]},{\"@type\":\"WebSite\",\"@id\":\"https:\/\/kurdi.saredariyenrojava.com\/#website\",\"url\":\"https:\/\/kurdi.saredariyenrojava.com\/\",\"name\":\"SaredariyenRojAva\",\"description\":\"SaredariyenRojAva\",\"potentialAction\":[{\"@type\":\"SearchAction\",\"target\":{\"@type\":\"EntryPoint\",\"urlTemplate\":\"https:\/\/kurdi.saredariyenrojava.com\/?s={search_term_string}\"},\"query-input\":{\"@type\":\"PropertyValueSpecification\",\"valueRequired\":true,\"valueName\":\"search_term_string\"}}],\"inLanguage\":\"en-US\"},{\"@type\":\"Person\",\"@id\":\"https:\/\/kurdi.saredariyenrojava.com\/#\/schema\/person\/0011128ed0a50e189a526491bfa6e3aa\",\"name\":\"\u0627\u0644\u0645\u0643\u062a\u0628 \u0627\u0644\u0627\u0639\u0644\u0627\u0645\u064a\",\"image\":{\"@type\":\"ImageObject\",\"inLanguage\":\"en-US\",\"@id\":\"https:\/\/secure.gravatar.com\/avatar\/26fc0528090175c76848aef7d59595fd8877426d22c907593168e8b4fb46e1f5?s=96&d=mm&r=g\",\"url\":\"https:\/\/secure.gravatar.com\/avatar\/26fc0528090175c76848aef7d59595fd8877426d22c907593168e8b4fb46e1f5?s=96&d=mm&r=g\",\"contentUrl\":\"https:\/\/secure.gravatar.com\/avatar\/26fc0528090175c76848aef7d59595fd8877426d22c907593168e8b4fb46e1f5?s=96&d=mm&r=g\",\"caption\":\"\u0627\u0644\u0645\u0643\u062a\u0628 \u0627\u0644\u0627\u0639\u0644\u0627\u0645\u064a\"},\"sameAs\":[\"https:\/\/saredariyenrojava.com\"]}]}<\/script>\n<!-- \/ Yoast SEO plugin. -->","yoast_head_json":{"title":"Li kantona Ciz\u00eer\u00ea r\u00eaveberiya ekolojiy\u00ea pirogramek\u00ea ji bo \u00e7andina \u00e7anda paqijiy\u00ea bi r\u00ea dixe - SaredariyenRojAva","robots":{"index":"index","follow":"follow","max-snippet":"max-snippet:-1","max-image-preview":"max-image-preview:large","max-video-preview":"max-video-preview:-1"},"canonical":"https:\/\/kurdi.saredariyenrojava.com\/?p=943","og_locale":"en_US","og_type":"article","og_title":"Li kantona Ciz\u00eer\u00ea r\u00eaveberiya ekolojiy\u00ea pirogramek\u00ea ji bo \u00e7andina \u00e7anda paqijiy\u00ea bi r\u00ea dixe - SaredariyenRojAva","og_description":"Paqij\u00ee \u00e7andeke ji \u015farestaniy\u00ea ye \u00fb be\u015fek nay\u00ea cudakirin ji civaka p\u00ea\u015fket\u00ee . Di bin dir\u00fb\u015fmeya &#8221; paqijiya bajar\u00ea min ji erk\u00ea min e &#8221; desteya \u015faredariyan \u00fb ekolojiy\u00ea r\u00eaveberiya ekolojiy\u00ea \u00fb bi hevr\u00eaziya r\u00eaveberiya jin\u00ea y\u00ea di r\u00eaveberiya xweser de bingaveke paqijiy\u00ea li hem\u00fb bajar \u00fb \u015faredariy\u00ean kanton\u00ea bi r\u00eaxistin. Herwiha bingava paqij\u00ee li bajara Qami\u015flo ji bazirgeha Hut\u00een\u00ea li taxa rojavay\u00ea bi hevr\u00eaz\u00ee tev hers\u00ea \u015faredariy\u00ean Qami\u015flo dest p\u00ea kir . Ev bingav ji\u00a0 bo hi\u015fyarkirina welatiyan bi giringiya paqijiy\u00ea \u00fb j\u00eengeheka paqij hat r\u00eaxistin . Di v\u00ea derbar\u00ea de ji\u00a0 bo parestina j\u00eengeh\u00ea \u00fb \u00e7awa ku em [&hellip;]","og_url":"https:\/\/kurdi.saredariyenrojava.com\/?p=943","og_site_name":"SaredariyenRojAva","article_publisher":"https:\/\/www.facebook.com\/saredariyenrojava","article_published_time":"2017-10-14T07:56:42+00:00","og_image":[{"width":2048,"height":1153,"url":"https:\/\/kurdi.saredariyenrojava.com\/wp-content\/uploads\/2017\/10\/22494604_366253197138408_2066006694_o.jpg","type":"image\/jpeg"}],"author":"\u0627\u0644\u0645\u0643\u062a\u0628 \u0627\u0644\u0627\u0639\u0644\u0627\u0645\u064a","twitter_card":"summary_large_image","twitter_creator":"@saredariyenroja","twitter_site":"@saredariyenroja","twitter_misc":{"Written by":"\u0627\u0644\u0645\u0643\u062a\u0628 \u0627\u0644\u0627\u0639\u0644\u0627\u0645\u064a","Est. reading time":"1 minute"},"schema":{"@context":"https:\/\/schema.org","@graph":[{"@type":"Article","@id":"https:\/\/kurdi.saredariyenrojava.com\/?p=943#article","isPartOf":{"@id":"https:\/\/kurdi.saredariyenrojava.com\/?p=943"},"author":{"name":"\u0627\u0644\u0645\u0643\u062a\u0628 \u0627\u0644\u0627\u0639\u0644\u0627\u0645\u064a","@id":"https:\/\/kurdi.saredariyenrojava.com\/#\/schema\/person\/0011128ed0a50e189a526491bfa6e3aa"},"headline":"Li kantona Ciz\u00eer\u00ea r\u00eaveberiya ekolojiy\u00ea pirogramek\u00ea ji bo \u00e7andina \u00e7anda paqijiy\u00ea bi r\u00ea dixe","datePublished":"2017-10-14T07:56:42+00:00","mainEntityOfPage":{"@id":"https:\/\/kurdi.saredariyenrojava.com\/?p=943"},"wordCount":147,"commentCount":0,"image":{"@id":"https:\/\/kurdi.saredariyenrojava.com\/?p=943#primaryimage"},"thumbnailUrl":"https:\/\/kurdi.saredariyenrojava.com\/wp-content\/uploads\/2017\/10\/22494604_366253197138408_2066006694_o.jpg","articleSection":["Desthilatiya"],"inLanguage":"en-US","potentialAction":[{"@type":"CommentAction","name":"Comment","target":["https:\/\/kurdi.saredariyenrojava.com\/?p=943#respond"]}]},{"@type":"WebPage","@id":"https:\/\/kurdi.saredariyenrojava.com\/?p=943","url":"https:\/\/kurdi.saredariyenrojava.com\/?p=943","name":"Li kantona Ciz\u00eer\u00ea r\u00eaveberiya ekolojiy\u00ea pirogramek\u00ea ji bo \u00e7andina \u00e7anda paqijiy\u00ea bi r\u00ea dixe - SaredariyenRojAva","isPartOf":{"@id":"https:\/\/kurdi.saredariyenrojava.com\/#website"},"primaryImageOfPage":{"@id":"https:\/\/kurdi.saredariyenrojava.com\/?p=943#primaryimage"},"image":{"@id":"https:\/\/kurdi.saredariyenrojava.com\/?p=943#primaryimage"},"thumbnailUrl":"https:\/\/kurdi.saredariyenrojava.com\/wp-content\/uploads\/2017\/10\/22494604_366253197138408_2066006694_o.jpg","datePublished":"2017-10-14T07:56:42+00:00","author":{"@id":"https:\/\/kurdi.saredariyenrojava.com\/#\/schema\/person\/0011128ed0a50e189a526491bfa6e3aa"},"breadcrumb":{"@id":"https:\/\/kurdi.saredariyenrojava.com\/?p=943#breadcrumb"},"inLanguage":"en-US","potentialAction":[{"@type":"ReadAction","target":["https:\/\/kurdi.saredariyenrojava.com\/?p=943"]}]},{"@type":"ImageObject","inLanguage":"en-US","@id":"https:\/\/kurdi.saredariyenrojava.com\/?p=943#primaryimage","url":"https:\/\/kurdi.saredariyenrojava.com\/wp-content\/uploads\/2017\/10\/22494604_366253197138408_2066006694_o.jpg","contentUrl":"https:\/\/kurdi.saredariyenrojava.com\/wp-content\/uploads\/2017\/10\/22494604_366253197138408_2066006694_o.jpg","width":2048,"height":1153},{"@type":"BreadcrumbList","@id":"https:\/\/kurdi.saredariyenrojava.com\/?p=943#breadcrumb","itemListElement":[{"@type":"ListItem","position":1,"name":"Home","item":"https:\/\/kurdi.saredariyenrojava.com\/"},{"@type":"ListItem","position":2,"name":"Li kantona Ciz\u00eer\u00ea r\u00eaveberiya ekolojiy\u00ea pirogramek\u00ea ji bo \u00e7andina \u00e7anda paqijiy\u00ea bi r\u00ea dixe"}]},{"@type":"WebSite","@id":"https:\/\/kurdi.saredariyenrojava.com\/#website","url":"https:\/\/kurdi.saredariyenrojava.com\/","name":"SaredariyenRojAva","description":"SaredariyenRojAva","potentialAction":[{"@type":"SearchAction","target":{"@type":"EntryPoint","urlTemplate":"https:\/\/kurdi.saredariyenrojava.com\/?s={search_term_string}"},"query-input":{"@type":"PropertyValueSpecification","valueRequired":true,"valueName":"search_term_string"}}],"inLanguage":"en-US"},{"@type":"Person","@id":"https:\/\/kurdi.saredariyenrojava.com\/#\/schema\/person\/0011128ed0a50e189a526491bfa6e3aa","name":"\u0627\u0644\u0645\u0643\u062a\u0628 \u0627\u0644\u0627\u0639\u0644\u0627\u0645\u064a","image":{"@type":"ImageObject","inLanguage":"en-US","@id":"https:\/\/secure.gravatar.com\/avatar\/26fc0528090175c76848aef7d59595fd8877426d22c907593168e8b4fb46e1f5?s=96&d=mm&r=g","url":"https:\/\/secure.gravatar.com\/avatar\/26fc0528090175c76848aef7d59595fd8877426d22c907593168e8b4fb46e1f5?s=96&d=mm&r=g","contentUrl":"https:\/\/secure.gravatar.com\/avatar\/26fc0528090175c76848aef7d59595fd8877426d22c907593168e8b4fb46e1f5?s=96&d=mm&r=g","caption":"\u0627\u0644\u0645\u0643\u062a\u0628 \u0627\u0644\u0627\u0639\u0644\u0627\u0645\u064a"},"sameAs":["https:\/\/saredariyenrojava.com"]}]}},"_links":{"self":[{"href":"https:\/\/kurdi.saredariyenrojava.com\/index.php?rest_route=\/wp\/v2\/posts\/943","targetHints":{"allow":["GET"]}}],"collection":[{"href":"https:\/\/kurdi.saredariyenrojava.com\/index.php?rest_route=\/wp\/v2\/posts"}],"about":[{"href":"https:\/\/kurdi.saredariyenrojava.com\/index.php?rest_route=\/wp\/v2\/types\/post"}],"author":[{"embeddable":true,"href":"https:\/\/kurdi.saredariyenrojava.com\/index.php?rest_route=\/wp\/v2\/users\/3"}],"replies":[{"embeddable":true,"href":"https:\/\/kurdi.saredariyenrojava.com\/index.php?rest_route=%2Fwp%2Fv2%2Fcomments&post=943"}],"version-history":[{"count":1,"href":"https:\/\/kurdi.saredariyenrojava.com\/index.php?rest_route=\/wp\/v2\/posts\/943\/revisions"}],"predecessor-version":[{"id":945,"href":"https:\/\/kurdi.saredariyenrojava.com\/index.php?rest_route=\/wp\/v2\/posts\/943\/revisions\/945"}],"wp:featuredmedia":[{"embeddable":true,"href":"https:\/\/kurdi.saredariyenrojava.com\/index.php?rest_route=\/wp\/v2\/media\/944"}],"wp:attachment":[{"href":"https:\/\/kurdi.saredariyenrojava.com\/index.php?rest_route=%2Fwp%2Fv2%2Fmedia&parent=943"}],"wp:term":[{"taxonomy":"category","embeddable":true,"href":"https:\/\/kurdi.saredariyenrojava.com\/index.php?rest_route=%2Fwp%2Fv2%2Fcategories&post=943"},{"taxonomy":"post_tag","embeddable":true,"href":"https:\/\/kurdi.saredariyenrojava.com\/index.php?rest_route=%2Fwp%2Fv2%2Ftags&post=943"}],"curies":[{"name":"wp","href":"https:\/\/api.w.org\/{rel}","templated":true}]}}