{"id":1106,"date":"2017-11-22T08:53:48","date_gmt":"2017-11-22T08:53:48","guid":{"rendered":"https:\/\/kurdi.saredariyenrojava.com\/?p=1106"},"modified":"2017-11-22T08:53:48","modified_gmt":"2017-11-22T08:53:48","slug":"desteya-saredariyan-u-ekoloji-bi-nivisgehen-ragihandine-yen-saredariyan-re-civinek-li-dar-dixe","status":"publish","type":"post","link":"https:\/\/kurdi.saredariyenrojava.com\/?p=1106","title":{"rendered":"Desteya \u015faredariyan \u00fb ekoloj\u00ee bi niv\u00eesgeh\u00ean ragihandin\u00ea y\u00ean \u015faredariyan re civ\u00eenek li dar dixe"},"content":{"rendered":"<p>Niv\u00eesgeha ragihandin\u00ea y\u00ea desteya \u015faredariyan \u00fb ekoloj\u00ee bi hem\u00fb niv\u00eesgeh\u00ean ragihandin\u00ea yl \u015faredariy\u00ean her\u00eama Ciz\u00eer\u00ea re ji\u00a0 bo rew\u015f\u00ean ragihandin\u00ea civ\u00eenek li dar xist .<\/p>\n<p>Di civ\u00een\u00ea de li ser gir\u00eengiya ragihandin\u00ea di dem\u00ea me de y\u00ea \u00eero\u00a0 \u00fb dorp\u00ea\u00e7kirina kar\u00fbbar\u00ean \u015faredariyan \u00fb pirojey\u00ean xizmet\u00ea genge\u015feyek \u00e7\u00ea b\u00fb .<\/p>\n<p>Her wiha ji\u00a0 bo amedekirina salnameya\u00a0 desteya \u015faredariyan\u00a0 ya duyem \u00fb perwerdey\u00ean ragihandin\u00ea an\u00fbn ziman . Her wiha di civ\u00een\u00ea de li ser rola rojnemevanan di roja me de an\u00ean ziman\u00a0 \u00fb armanca civ\u00een\u00ea ku hem\u00fb niv\u00eesgeh\u00ean ragihandin\u00ea\u00a0 bi karmend\u00ean pispor \u00fb alav\u00ean ragihandin\u00ea y\u00ea p\u00ea\u015fket\u00ee amide bikin ji\u00a0 bo ku bi kar\u00ea xwe rabin \u00fb deng\u00ea\u00a0 gel belav bikin<\/p>\n<p><strong>Niv\u00eesgeha ragihandin\u00ea y\u00ea desteya \u015faredariyan \u00fb ekoloj\u00ee<\/strong><\/p>\n","protected":false},"excerpt":{"rendered":"<p>Niv\u00eesgeha ragihandin\u00ea y\u00ea desteya \u015faredariyan \u00fb ekoloj\u00ee bi hem\u00fb niv\u00eesgeh\u00ean ragihandin\u00ea yl \u015faredariy\u00ean her\u00eama Ciz\u00eer\u00ea re ji\u00a0 bo rew\u015f\u00ean ragihandin\u00ea civ\u00eenek li dar xist . Di civ\u00een\u00ea de li ser gir\u00eengiya ragihandin\u00ea di dem\u00ea me de y\u00ea \u00eero\u00a0 \u00fb dorp\u00ea\u00e7kirina kar\u00fbbar\u00ean \u015faredariyan \u00fb pirojey\u00ean xizmet\u00ea genge\u015feyek \u00e7\u00ea b\u00fb . Her wiha ji\u00a0 bo amedekirina salnameya\u00a0 desteya \u015faredariyan\u00a0 ya duyem \u00fb perwerdey\u00ean ragihandin\u00ea an\u00fbn ziman . Her wiha di civ\u00een\u00ea de li ser rola rojnemevanan di roja me de an\u00ean ziman\u00a0 \u00fb armanca civ\u00een\u00ea ku hem\u00fb niv\u00eesgeh\u00ean ragihandin\u00ea\u00a0 bi karmend\u00ean pispor \u00fb alav\u00ean ragihandin\u00ea y\u00ea p\u00ea\u015fket\u00ee amide bikin ji\u00a0 bo ku [&hellip;]<\/p>\n","protected":false},"author":3,"featured_media":1107,"comment_status":"open","ping_status":"open","sticky":false,"template":"","format":"standard","meta":{"footnotes":""},"categories":[5],"tags":[],"class_list":["post-1106","post","type-post","status-publish","format-standard","has-post-thumbnail","hentry","category-desthilatiya"],"yoast_head":"<!-- This site is optimized with the Yoast SEO plugin v27.2 - https:\/\/yoast.com\/product\/yoast-seo-wordpress\/ -->\n<title>Desteya \u015faredariyan \u00fb ekoloj\u00ee bi niv\u00eesgeh\u00ean ragihandin\u00ea y\u00ean \u015faredariyan re civ\u00eenek li dar dixe - SaredariyenRojAva<\/title>\n<meta name=\"robots\" content=\"index, follow, max-snippet:-1, max-image-preview:large, max-video-preview:-1\" \/>\n<link rel=\"canonical\" href=\"https:\/\/kurdi.saredariyenrojava.com\/?p=1106\" \/>\n<meta property=\"og:locale\" content=\"en_US\" \/>\n<meta property=\"og:type\" content=\"article\" \/>\n<meta property=\"og:title\" content=\"Desteya \u015faredariyan \u00fb ekoloj\u00ee bi niv\u00eesgeh\u00ean ragihandin\u00ea y\u00ean \u015faredariyan re civ\u00eenek li dar dixe - SaredariyenRojAva\" \/>\n<meta property=\"og:description\" content=\"Niv\u00eesgeha ragihandin\u00ea y\u00ea desteya \u015faredariyan \u00fb ekoloj\u00ee bi hem\u00fb niv\u00eesgeh\u00ean ragihandin\u00ea yl \u015faredariy\u00ean her\u00eama Ciz\u00eer\u00ea re ji\u00a0 bo rew\u015f\u00ean ragihandin\u00ea civ\u00eenek li dar xist . Di civ\u00een\u00ea de li ser gir\u00eengiya ragihandin\u00ea di dem\u00ea me de y\u00ea \u00eero\u00a0 \u00fb dorp\u00ea\u00e7kirina kar\u00fbbar\u00ean \u015faredariyan \u00fb pirojey\u00ean xizmet\u00ea genge\u015feyek \u00e7\u00ea b\u00fb . Her wiha ji\u00a0 bo amedekirina salnameya\u00a0 desteya \u015faredariyan\u00a0 ya duyem \u00fb perwerdey\u00ean ragihandin\u00ea an\u00fbn ziman . Her wiha di civ\u00een\u00ea de li ser rola rojnemevanan di roja me de an\u00ean ziman\u00a0 \u00fb armanca civ\u00een\u00ea ku hem\u00fb niv\u00eesgeh\u00ean ragihandin\u00ea\u00a0 bi karmend\u00ean pispor \u00fb alav\u00ean ragihandin\u00ea y\u00ea p\u00ea\u015fket\u00ee amide bikin ji\u00a0 bo ku [&hellip;]\" \/>\n<meta property=\"og:url\" content=\"https:\/\/kurdi.saredariyenrojava.com\/?p=1106\" \/>\n<meta property=\"og:site_name\" content=\"SaredariyenRojAva\" \/>\n<meta property=\"article:publisher\" content=\"https:\/\/www.facebook.com\/saredariyenrojava\" \/>\n<meta property=\"article:published_time\" content=\"2017-11-22T08:53:48+00:00\" \/>\n<meta property=\"og:image\" content=\"https:\/\/kurdi.saredariyenrojava.com\/wp-content\/uploads\/2017\/11\/23828753_381267655636962_493250851_o.jpg\" \/>\n\t<meta property=\"og:image:width\" content=\"2048\" \/>\n\t<meta property=\"og:image:height\" content=\"1365\" \/>\n\t<meta property=\"og:image:type\" content=\"image\/jpeg\" \/>\n<meta name=\"author\" content=\"\u0627\u0644\u0645\u0643\u062a\u0628 \u0627\u0644\u0627\u0639\u0644\u0627\u0645\u064a\" \/>\n<meta name=\"twitter:card\" content=\"summary_large_image\" \/>\n<meta name=\"twitter:creator\" content=\"@saredariyenroja\" \/>\n<meta name=\"twitter:site\" content=\"@saredariyenroja\" \/>\n<meta name=\"twitter:label1\" content=\"Written by\" \/>\n\t<meta name=\"twitter:data1\" content=\"\u0627\u0644\u0645\u0643\u062a\u0628 \u0627\u0644\u0627\u0639\u0644\u0627\u0645\u064a\" \/>\n\t<meta name=\"twitter:label2\" content=\"Est. reading time\" \/>\n\t<meta name=\"twitter:data2\" content=\"1 minute\" \/>\n<script type=\"application\/ld+json\" class=\"yoast-schema-graph\">{\"@context\":\"https:\/\/schema.org\",\"@graph\":[{\"@type\":\"Article\",\"@id\":\"https:\/\/kurdi.saredariyenrojava.com\/?p=1106#article\",\"isPartOf\":{\"@id\":\"https:\/\/kurdi.saredariyenrojava.com\/?p=1106\"},\"author\":{\"name\":\"\u0627\u0644\u0645\u0643\u062a\u0628 \u0627\u0644\u0627\u0639\u0644\u0627\u0645\u064a\",\"@id\":\"https:\/\/kurdi.saredariyenrojava.com\/#\/schema\/person\/0011128ed0a50e189a526491bfa6e3aa\"},\"headline\":\"Desteya \u015faredariyan \u00fb ekoloj\u00ee bi niv\u00eesgeh\u00ean ragihandin\u00ea y\u00ean \u015faredariyan re civ\u00eenek li dar dixe\",\"datePublished\":\"2017-11-22T08:53:48+00:00\",\"mainEntityOfPage\":{\"@id\":\"https:\/\/kurdi.saredariyenrojava.com\/?p=1106\"},\"wordCount\":147,\"commentCount\":0,\"image\":{\"@id\":\"https:\/\/kurdi.saredariyenrojava.com\/?p=1106#primaryimage\"},\"thumbnailUrl\":\"https:\/\/kurdi.saredariyenrojava.com\/wp-content\/uploads\/2017\/11\/23828753_381267655636962_493250851_o.jpg\",\"articleSection\":[\"Desthilatiya\"],\"inLanguage\":\"en-US\",\"potentialAction\":[{\"@type\":\"CommentAction\",\"name\":\"Comment\",\"target\":[\"https:\/\/kurdi.saredariyenrojava.com\/?p=1106#respond\"]}]},{\"@type\":\"WebPage\",\"@id\":\"https:\/\/kurdi.saredariyenrojava.com\/?p=1106\",\"url\":\"https:\/\/kurdi.saredariyenrojava.com\/?p=1106\",\"name\":\"Desteya \u015faredariyan \u00fb ekoloj\u00ee bi niv\u00eesgeh\u00ean ragihandin\u00ea y\u00ean \u015faredariyan re civ\u00eenek li dar dixe - SaredariyenRojAva\",\"isPartOf\":{\"@id\":\"https:\/\/kurdi.saredariyenrojava.com\/#website\"},\"primaryImageOfPage\":{\"@id\":\"https:\/\/kurdi.saredariyenrojava.com\/?p=1106#primaryimage\"},\"image\":{\"@id\":\"https:\/\/kurdi.saredariyenrojava.com\/?p=1106#primaryimage\"},\"thumbnailUrl\":\"https:\/\/kurdi.saredariyenrojava.com\/wp-content\/uploads\/2017\/11\/23828753_381267655636962_493250851_o.jpg\",\"datePublished\":\"2017-11-22T08:53:48+00:00\",\"author\":{\"@id\":\"https:\/\/kurdi.saredariyenrojava.com\/#\/schema\/person\/0011128ed0a50e189a526491bfa6e3aa\"},\"breadcrumb\":{\"@id\":\"https:\/\/kurdi.saredariyenrojava.com\/?p=1106#breadcrumb\"},\"inLanguage\":\"en-US\",\"potentialAction\":[{\"@type\":\"ReadAction\",\"target\":[\"https:\/\/kurdi.saredariyenrojava.com\/?p=1106\"]}]},{\"@type\":\"ImageObject\",\"inLanguage\":\"en-US\",\"@id\":\"https:\/\/kurdi.saredariyenrojava.com\/?p=1106#primaryimage\",\"url\":\"https:\/\/kurdi.saredariyenrojava.com\/wp-content\/uploads\/2017\/11\/23828753_381267655636962_493250851_o.jpg\",\"contentUrl\":\"https:\/\/kurdi.saredariyenrojava.com\/wp-content\/uploads\/2017\/11\/23828753_381267655636962_493250851_o.jpg\",\"width\":2048,\"height\":1365},{\"@type\":\"BreadcrumbList\",\"@id\":\"https:\/\/kurdi.saredariyenrojava.com\/?p=1106#breadcrumb\",\"itemListElement\":[{\"@type\":\"ListItem\",\"position\":1,\"name\":\"Home\",\"item\":\"https:\/\/kurdi.saredariyenrojava.com\/\"},{\"@type\":\"ListItem\",\"position\":2,\"name\":\"Desteya \u015faredariyan \u00fb ekoloj\u00ee bi niv\u00eesgeh\u00ean ragihandin\u00ea y\u00ean \u015faredariyan re civ\u00eenek li dar dixe\"}]},{\"@type\":\"WebSite\",\"@id\":\"https:\/\/kurdi.saredariyenrojava.com\/#website\",\"url\":\"https:\/\/kurdi.saredariyenrojava.com\/\",\"name\":\"SaredariyenRojAva\",\"description\":\"SaredariyenRojAva\",\"potentialAction\":[{\"@type\":\"SearchAction\",\"target\":{\"@type\":\"EntryPoint\",\"urlTemplate\":\"https:\/\/kurdi.saredariyenrojava.com\/?s={search_term_string}\"},\"query-input\":{\"@type\":\"PropertyValueSpecification\",\"valueRequired\":true,\"valueName\":\"search_term_string\"}}],\"inLanguage\":\"en-US\"},{\"@type\":\"Person\",\"@id\":\"https:\/\/kurdi.saredariyenrojava.com\/#\/schema\/person\/0011128ed0a50e189a526491bfa6e3aa\",\"name\":\"\u0627\u0644\u0645\u0643\u062a\u0628 \u0627\u0644\u0627\u0639\u0644\u0627\u0645\u064a\",\"image\":{\"@type\":\"ImageObject\",\"inLanguage\":\"en-US\",\"@id\":\"https:\/\/secure.gravatar.com\/avatar\/26fc0528090175c76848aef7d59595fd8877426d22c907593168e8b4fb46e1f5?s=96&d=mm&r=g\",\"url\":\"https:\/\/secure.gravatar.com\/avatar\/26fc0528090175c76848aef7d59595fd8877426d22c907593168e8b4fb46e1f5?s=96&d=mm&r=g\",\"contentUrl\":\"https:\/\/secure.gravatar.com\/avatar\/26fc0528090175c76848aef7d59595fd8877426d22c907593168e8b4fb46e1f5?s=96&d=mm&r=g\",\"caption\":\"\u0627\u0644\u0645\u0643\u062a\u0628 \u0627\u0644\u0627\u0639\u0644\u0627\u0645\u064a\"},\"sameAs\":[\"https:\/\/saredariyenrojava.com\"]}]}<\/script>\n<!-- \/ Yoast SEO plugin. -->","yoast_head_json":{"title":"Desteya \u015faredariyan \u00fb ekoloj\u00ee bi niv\u00eesgeh\u00ean ragihandin\u00ea y\u00ean \u015faredariyan re civ\u00eenek li dar dixe - SaredariyenRojAva","robots":{"index":"index","follow":"follow","max-snippet":"max-snippet:-1","max-image-preview":"max-image-preview:large","max-video-preview":"max-video-preview:-1"},"canonical":"https:\/\/kurdi.saredariyenrojava.com\/?p=1106","og_locale":"en_US","og_type":"article","og_title":"Desteya \u015faredariyan \u00fb ekoloj\u00ee bi niv\u00eesgeh\u00ean ragihandin\u00ea y\u00ean \u015faredariyan re civ\u00eenek li dar dixe - SaredariyenRojAva","og_description":"Niv\u00eesgeha ragihandin\u00ea y\u00ea desteya \u015faredariyan \u00fb ekoloj\u00ee bi hem\u00fb niv\u00eesgeh\u00ean ragihandin\u00ea yl \u015faredariy\u00ean her\u00eama Ciz\u00eer\u00ea re ji\u00a0 bo rew\u015f\u00ean ragihandin\u00ea civ\u00eenek li dar xist . Di civ\u00een\u00ea de li ser gir\u00eengiya ragihandin\u00ea di dem\u00ea me de y\u00ea \u00eero\u00a0 \u00fb dorp\u00ea\u00e7kirina kar\u00fbbar\u00ean \u015faredariyan \u00fb pirojey\u00ean xizmet\u00ea genge\u015feyek \u00e7\u00ea b\u00fb . Her wiha ji\u00a0 bo amedekirina salnameya\u00a0 desteya \u015faredariyan\u00a0 ya duyem \u00fb perwerdey\u00ean ragihandin\u00ea an\u00fbn ziman . Her wiha di civ\u00een\u00ea de li ser rola rojnemevanan di roja me de an\u00ean ziman\u00a0 \u00fb armanca civ\u00een\u00ea ku hem\u00fb niv\u00eesgeh\u00ean ragihandin\u00ea\u00a0 bi karmend\u00ean pispor \u00fb alav\u00ean ragihandin\u00ea y\u00ea p\u00ea\u015fket\u00ee amide bikin ji\u00a0 bo ku [&hellip;]","og_url":"https:\/\/kurdi.saredariyenrojava.com\/?p=1106","og_site_name":"SaredariyenRojAva","article_publisher":"https:\/\/www.facebook.com\/saredariyenrojava","article_published_time":"2017-11-22T08:53:48+00:00","og_image":[{"width":2048,"height":1365,"url":"https:\/\/kurdi.saredariyenrojava.com\/wp-content\/uploads\/2017\/11\/23828753_381267655636962_493250851_o.jpg","type":"image\/jpeg"}],"author":"\u0627\u0644\u0645\u0643\u062a\u0628 \u0627\u0644\u0627\u0639\u0644\u0627\u0645\u064a","twitter_card":"summary_large_image","twitter_creator":"@saredariyenroja","twitter_site":"@saredariyenroja","twitter_misc":{"Written by":"\u0627\u0644\u0645\u0643\u062a\u0628 \u0627\u0644\u0627\u0639\u0644\u0627\u0645\u064a","Est. reading time":"1 minute"},"schema":{"@context":"https:\/\/schema.org","@graph":[{"@type":"Article","@id":"https:\/\/kurdi.saredariyenrojava.com\/?p=1106#article","isPartOf":{"@id":"https:\/\/kurdi.saredariyenrojava.com\/?p=1106"},"author":{"name":"\u0627\u0644\u0645\u0643\u062a\u0628 \u0627\u0644\u0627\u0639\u0644\u0627\u0645\u064a","@id":"https:\/\/kurdi.saredariyenrojava.com\/#\/schema\/person\/0011128ed0a50e189a526491bfa6e3aa"},"headline":"Desteya \u015faredariyan \u00fb ekoloj\u00ee bi niv\u00eesgeh\u00ean ragihandin\u00ea y\u00ean \u015faredariyan re civ\u00eenek li dar dixe","datePublished":"2017-11-22T08:53:48+00:00","mainEntityOfPage":{"@id":"https:\/\/kurdi.saredariyenrojava.com\/?p=1106"},"wordCount":147,"commentCount":0,"image":{"@id":"https:\/\/kurdi.saredariyenrojava.com\/?p=1106#primaryimage"},"thumbnailUrl":"https:\/\/kurdi.saredariyenrojava.com\/wp-content\/uploads\/2017\/11\/23828753_381267655636962_493250851_o.jpg","articleSection":["Desthilatiya"],"inLanguage":"en-US","potentialAction":[{"@type":"CommentAction","name":"Comment","target":["https:\/\/kurdi.saredariyenrojava.com\/?p=1106#respond"]}]},{"@type":"WebPage","@id":"https:\/\/kurdi.saredariyenrojava.com\/?p=1106","url":"https:\/\/kurdi.saredariyenrojava.com\/?p=1106","name":"Desteya \u015faredariyan \u00fb ekoloj\u00ee bi niv\u00eesgeh\u00ean ragihandin\u00ea y\u00ean \u015faredariyan re civ\u00eenek li dar dixe - SaredariyenRojAva","isPartOf":{"@id":"https:\/\/kurdi.saredariyenrojava.com\/#website"},"primaryImageOfPage":{"@id":"https:\/\/kurdi.saredariyenrojava.com\/?p=1106#primaryimage"},"image":{"@id":"https:\/\/kurdi.saredariyenrojava.com\/?p=1106#primaryimage"},"thumbnailUrl":"https:\/\/kurdi.saredariyenrojava.com\/wp-content\/uploads\/2017\/11\/23828753_381267655636962_493250851_o.jpg","datePublished":"2017-11-22T08:53:48+00:00","author":{"@id":"https:\/\/kurdi.saredariyenrojava.com\/#\/schema\/person\/0011128ed0a50e189a526491bfa6e3aa"},"breadcrumb":{"@id":"https:\/\/kurdi.saredariyenrojava.com\/?p=1106#breadcrumb"},"inLanguage":"en-US","potentialAction":[{"@type":"ReadAction","target":["https:\/\/kurdi.saredariyenrojava.com\/?p=1106"]}]},{"@type":"ImageObject","inLanguage":"en-US","@id":"https:\/\/kurdi.saredariyenrojava.com\/?p=1106#primaryimage","url":"https:\/\/kurdi.saredariyenrojava.com\/wp-content\/uploads\/2017\/11\/23828753_381267655636962_493250851_o.jpg","contentUrl":"https:\/\/kurdi.saredariyenrojava.com\/wp-content\/uploads\/2017\/11\/23828753_381267655636962_493250851_o.jpg","width":2048,"height":1365},{"@type":"BreadcrumbList","@id":"https:\/\/kurdi.saredariyenrojava.com\/?p=1106#breadcrumb","itemListElement":[{"@type":"ListItem","position":1,"name":"Home","item":"https:\/\/kurdi.saredariyenrojava.com\/"},{"@type":"ListItem","position":2,"name":"Desteya \u015faredariyan \u00fb ekoloj\u00ee bi niv\u00eesgeh\u00ean ragihandin\u00ea y\u00ean \u015faredariyan re civ\u00eenek li dar dixe"}]},{"@type":"WebSite","@id":"https:\/\/kurdi.saredariyenrojava.com\/#website","url":"https:\/\/kurdi.saredariyenrojava.com\/","name":"SaredariyenRojAva","description":"SaredariyenRojAva","potentialAction":[{"@type":"SearchAction","target":{"@type":"EntryPoint","urlTemplate":"https:\/\/kurdi.saredariyenrojava.com\/?s={search_term_string}"},"query-input":{"@type":"PropertyValueSpecification","valueRequired":true,"valueName":"search_term_string"}}],"inLanguage":"en-US"},{"@type":"Person","@id":"https:\/\/kurdi.saredariyenrojava.com\/#\/schema\/person\/0011128ed0a50e189a526491bfa6e3aa","name":"\u0627\u0644\u0645\u0643\u062a\u0628 \u0627\u0644\u0627\u0639\u0644\u0627\u0645\u064a","image":{"@type":"ImageObject","inLanguage":"en-US","@id":"https:\/\/secure.gravatar.com\/avatar\/26fc0528090175c76848aef7d59595fd8877426d22c907593168e8b4fb46e1f5?s=96&d=mm&r=g","url":"https:\/\/secure.gravatar.com\/avatar\/26fc0528090175c76848aef7d59595fd8877426d22c907593168e8b4fb46e1f5?s=96&d=mm&r=g","contentUrl":"https:\/\/secure.gravatar.com\/avatar\/26fc0528090175c76848aef7d59595fd8877426d22c907593168e8b4fb46e1f5?s=96&d=mm&r=g","caption":"\u0627\u0644\u0645\u0643\u062a\u0628 \u0627\u0644\u0627\u0639\u0644\u0627\u0645\u064a"},"sameAs":["https:\/\/saredariyenrojava.com"]}]}},"_links":{"self":[{"href":"https:\/\/kurdi.saredariyenrojava.com\/index.php?rest_route=\/wp\/v2\/posts\/1106","targetHints":{"allow":["GET"]}}],"collection":[{"href":"https:\/\/kurdi.saredariyenrojava.com\/index.php?rest_route=\/wp\/v2\/posts"}],"about":[{"href":"https:\/\/kurdi.saredariyenrojava.com\/index.php?rest_route=\/wp\/v2\/types\/post"}],"author":[{"embeddable":true,"href":"https:\/\/kurdi.saredariyenrojava.com\/index.php?rest_route=\/wp\/v2\/users\/3"}],"replies":[{"embeddable":true,"href":"https:\/\/kurdi.saredariyenrojava.com\/index.php?rest_route=%2Fwp%2Fv2%2Fcomments&post=1106"}],"version-history":[{"count":1,"href":"https:\/\/kurdi.saredariyenrojava.com\/index.php?rest_route=\/wp\/v2\/posts\/1106\/revisions"}],"predecessor-version":[{"id":1108,"href":"https:\/\/kurdi.saredariyenrojava.com\/index.php?rest_route=\/wp\/v2\/posts\/1106\/revisions\/1108"}],"wp:featuredmedia":[{"embeddable":true,"href":"https:\/\/kurdi.saredariyenrojava.com\/index.php?rest_route=\/wp\/v2\/media\/1107"}],"wp:attachment":[{"href":"https:\/\/kurdi.saredariyenrojava.com\/index.php?rest_route=%2Fwp%2Fv2%2Fmedia&parent=1106"}],"wp:term":[{"taxonomy":"category","embeddable":true,"href":"https:\/\/kurdi.saredariyenrojava.com\/index.php?rest_route=%2Fwp%2Fv2%2Fcategories&post=1106"},{"taxonomy":"post_tag","embeddable":true,"href":"https:\/\/kurdi.saredariyenrojava.com\/index.php?rest_route=%2Fwp%2Fv2%2Ftags&post=1106"}],"curies":[{"name":"wp","href":"https:\/\/api.w.org\/{rel}","templated":true}]}}