{"id":1067,"date":"2017-11-15T10:09:01","date_gmt":"2017-11-15T10:09:01","guid":{"rendered":"https:\/\/kurdi.saredariyenrojava.com\/?p=1067"},"modified":"2017-11-15T10:09:01","modified_gmt":"2017-11-15T10:09:01","slug":"desteya-saredariyan-ji-bo-hilbijartina-encimenen-xwecihi-u-saredariyan-bi-endamen-saredariyan-re-civinek-li-dar-xist","status":"publish","type":"post","link":"https:\/\/kurdi.saredariyenrojava.com\/?p=1067","title":{"rendered":"Desteya \u015faredariyan ji  bo hilbijartina enc\u00eemen\u00ean xwecih\u00ee \u00fb \u015faredariyan bi endam\u00ean \u015faredariyan re civ\u00eenek li dar xist"},"content":{"rendered":"<p>Hevr\u00eaziya di desteya \u015faredariyan \u00fb ekoloj\u00ee Roz Tolhildan bi hem\u00fb endam\u00ean \u015faredariya gel a Tirbespiy\u00ea \u00fb \u015faredariy\u00ean gundan civ\u00eenek li dar xist<\/p>\n<p>Di civ\u00een\u00ea de hevala Roz rew\u015f\u00ean pol\u00eet\u00eek\u00ee y\u00ean ku li ser her\u00eama Rojava bi taybet \u00fb S\u00fbriy\u00ea bi gi\u015ft\u00ee \u00fb serkeftin\u00ean le\u015fker\u00ee \u00fb pol\u00eet\u00eek\u00ee an\u00ee ziman .<\/p>\n<p>Her wiha li ser rew\u015f\u00ean hilbijartin\u00ea genge\u015feyek \u00e7\u00eab\u00fb .<\/p>\n<p>Di dawiy\u00ea de\u00a0 ji\u00a0 bo girtina ner\u00een \u00fb pirsan derfetek vekirin.<\/p>\n<p><strong>Niv\u00eesgeha ragihandin\u00ea y\u00ea \u015faredariya gel a Tirbespiy\u00ea<\/strong><\/p>\n","protected":false},"excerpt":{"rendered":"<p>Hevr\u00eaziya di desteya \u015faredariyan \u00fb ekoloj\u00ee Roz Tolhildan bi hem\u00fb endam\u00ean \u015faredariya gel a Tirbespiy\u00ea \u00fb \u015faredariy\u00ean gundan civ\u00eenek li dar xist Di civ\u00een\u00ea de hevala Roz rew\u015f\u00ean pol\u00eet\u00eek\u00ee y\u00ean ku li ser her\u00eama Rojava bi taybet \u00fb S\u00fbriy\u00ea bi gi\u015ft\u00ee \u00fb serkeftin\u00ean le\u015fker\u00ee \u00fb pol\u00eet\u00eek\u00ee an\u00ee ziman . Her wiha li ser rew\u015f\u00ean hilbijartin\u00ea genge\u015feyek \u00e7\u00eab\u00fb . Di dawiy\u00ea de\u00a0 ji\u00a0 bo girtina ner\u00een \u00fb pirsan derfetek vekirin. Niv\u00eesgeha ragihandin\u00ea y\u00ea \u015faredariya gel a Tirbespiy\u00ea<\/p>\n","protected":false},"author":3,"featured_media":1068,"comment_status":"open","ping_status":"open","sticky":false,"template":"","format":"standard","meta":{"footnotes":""},"categories":[19],"tags":[],"class_list":["post-1067","post","type-post","status-publish","format-standard","has-post-thumbnail","hentry","category-eastern-province"],"yoast_head":"<!-- This site is optimized with the Yoast SEO plugin v27.2 - https:\/\/yoast.com\/product\/yoast-seo-wordpress\/ -->\n<title>Desteya \u015faredariyan ji bo hilbijartina enc\u00eemen\u00ean xwecih\u00ee \u00fb \u015faredariyan bi endam\u00ean \u015faredariyan re civ\u00eenek li dar xist - SaredariyenRojAva<\/title>\n<meta name=\"robots\" content=\"index, follow, max-snippet:-1, max-image-preview:large, max-video-preview:-1\" \/>\n<link rel=\"canonical\" href=\"https:\/\/kurdi.saredariyenrojava.com\/?p=1067\" \/>\n<meta property=\"og:locale\" content=\"en_US\" \/>\n<meta property=\"og:type\" content=\"article\" \/>\n<meta property=\"og:title\" content=\"Desteya \u015faredariyan ji bo hilbijartina enc\u00eemen\u00ean xwecih\u00ee \u00fb \u015faredariyan bi endam\u00ean \u015faredariyan re civ\u00eenek li dar xist - SaredariyenRojAva\" \/>\n<meta property=\"og:description\" content=\"Hevr\u00eaziya di desteya \u015faredariyan \u00fb ekoloj\u00ee Roz Tolhildan bi hem\u00fb endam\u00ean \u015faredariya gel a Tirbespiy\u00ea \u00fb \u015faredariy\u00ean gundan civ\u00eenek li dar xist Di civ\u00een\u00ea de hevala Roz rew\u015f\u00ean pol\u00eet\u00eek\u00ee y\u00ean ku li ser her\u00eama Rojava bi taybet \u00fb S\u00fbriy\u00ea bi gi\u015ft\u00ee \u00fb serkeftin\u00ean le\u015fker\u00ee \u00fb pol\u00eet\u00eek\u00ee an\u00ee ziman . Her wiha li ser rew\u015f\u00ean hilbijartin\u00ea genge\u015feyek \u00e7\u00eab\u00fb . Di dawiy\u00ea de\u00a0 ji\u00a0 bo girtina ner\u00een \u00fb pirsan derfetek vekirin. Niv\u00eesgeha ragihandin\u00ea y\u00ea \u015faredariya gel a Tirbespiy\u00ea\" \/>\n<meta property=\"og:url\" content=\"https:\/\/kurdi.saredariyenrojava.com\/?p=1067\" \/>\n<meta property=\"og:site_name\" content=\"SaredariyenRojAva\" \/>\n<meta property=\"article:publisher\" content=\"https:\/\/www.facebook.com\/saredariyenrojava\" \/>\n<meta property=\"article:published_time\" content=\"2017-11-15T10:09:01+00:00\" \/>\n<meta property=\"og:image\" content=\"https:\/\/kurdi.saredariyenrojava.com\/wp-content\/uploads\/2017\/11\/23634056_378840022546392_752909361_o.jpg\" \/>\n\t<meta property=\"og:image:width\" content=\"2048\" \/>\n\t<meta property=\"og:image:height\" content=\"1365\" \/>\n\t<meta property=\"og:image:type\" content=\"image\/jpeg\" \/>\n<meta name=\"author\" content=\"\u0627\u0644\u0645\u0643\u062a\u0628 \u0627\u0644\u0627\u0639\u0644\u0627\u0645\u064a\" \/>\n<meta name=\"twitter:card\" content=\"summary_large_image\" \/>\n<meta name=\"twitter:creator\" content=\"@saredariyenroja\" \/>\n<meta name=\"twitter:site\" content=\"@saredariyenroja\" \/>\n<meta name=\"twitter:label1\" content=\"Written by\" \/>\n\t<meta name=\"twitter:data1\" content=\"\u0627\u0644\u0645\u0643\u062a\u0628 \u0627\u0644\u0627\u0639\u0644\u0627\u0645\u064a\" \/>\n<script type=\"application\/ld+json\" class=\"yoast-schema-graph\">{\"@context\":\"https:\/\/schema.org\",\"@graph\":[{\"@type\":\"Article\",\"@id\":\"https:\/\/kurdi.saredariyenrojava.com\/?p=1067#article\",\"isPartOf\":{\"@id\":\"https:\/\/kurdi.saredariyenrojava.com\/?p=1067\"},\"author\":{\"name\":\"\u0627\u0644\u0645\u0643\u062a\u0628 \u0627\u0644\u0627\u0639\u0644\u0627\u0645\u064a\",\"@id\":\"https:\/\/kurdi.saredariyenrojava.com\/#\/schema\/person\/0011128ed0a50e189a526491bfa6e3aa\"},\"headline\":\"Desteya \u015faredariyan ji bo hilbijartina enc\u00eemen\u00ean xwecih\u00ee \u00fb \u015faredariyan bi endam\u00ean \u015faredariyan re civ\u00eenek li dar xist\",\"datePublished\":\"2017-11-15T10:09:01+00:00\",\"mainEntityOfPage\":{\"@id\":\"https:\/\/kurdi.saredariyenrojava.com\/?p=1067\"},\"wordCount\":108,\"commentCount\":0,\"image\":{\"@id\":\"https:\/\/kurdi.saredariyenrojava.com\/?p=1067#primaryimage\"},\"thumbnailUrl\":\"https:\/\/kurdi.saredariyenrojava.com\/wp-content\/uploads\/2017\/11\/23634056_378840022546392_752909361_o.jpg\",\"articleSection\":[\"Eastern Province\"],\"inLanguage\":\"en-US\",\"potentialAction\":[{\"@type\":\"CommentAction\",\"name\":\"Comment\",\"target\":[\"https:\/\/kurdi.saredariyenrojava.com\/?p=1067#respond\"]}]},{\"@type\":\"WebPage\",\"@id\":\"https:\/\/kurdi.saredariyenrojava.com\/?p=1067\",\"url\":\"https:\/\/kurdi.saredariyenrojava.com\/?p=1067\",\"name\":\"Desteya \u015faredariyan ji bo hilbijartina enc\u00eemen\u00ean xwecih\u00ee \u00fb \u015faredariyan bi endam\u00ean \u015faredariyan re civ\u00eenek li dar xist - SaredariyenRojAva\",\"isPartOf\":{\"@id\":\"https:\/\/kurdi.saredariyenrojava.com\/#website\"},\"primaryImageOfPage\":{\"@id\":\"https:\/\/kurdi.saredariyenrojava.com\/?p=1067#primaryimage\"},\"image\":{\"@id\":\"https:\/\/kurdi.saredariyenrojava.com\/?p=1067#primaryimage\"},\"thumbnailUrl\":\"https:\/\/kurdi.saredariyenrojava.com\/wp-content\/uploads\/2017\/11\/23634056_378840022546392_752909361_o.jpg\",\"datePublished\":\"2017-11-15T10:09:01+00:00\",\"author\":{\"@id\":\"https:\/\/kurdi.saredariyenrojava.com\/#\/schema\/person\/0011128ed0a50e189a526491bfa6e3aa\"},\"breadcrumb\":{\"@id\":\"https:\/\/kurdi.saredariyenrojava.com\/?p=1067#breadcrumb\"},\"inLanguage\":\"en-US\",\"potentialAction\":[{\"@type\":\"ReadAction\",\"target\":[\"https:\/\/kurdi.saredariyenrojava.com\/?p=1067\"]}]},{\"@type\":\"ImageObject\",\"inLanguage\":\"en-US\",\"@id\":\"https:\/\/kurdi.saredariyenrojava.com\/?p=1067#primaryimage\",\"url\":\"https:\/\/kurdi.saredariyenrojava.com\/wp-content\/uploads\/2017\/11\/23634056_378840022546392_752909361_o.jpg\",\"contentUrl\":\"https:\/\/kurdi.saredariyenrojava.com\/wp-content\/uploads\/2017\/11\/23634056_378840022546392_752909361_o.jpg\",\"width\":2048,\"height\":1365},{\"@type\":\"BreadcrumbList\",\"@id\":\"https:\/\/kurdi.saredariyenrojava.com\/?p=1067#breadcrumb\",\"itemListElement\":[{\"@type\":\"ListItem\",\"position\":1,\"name\":\"Home\",\"item\":\"https:\/\/kurdi.saredariyenrojava.com\/\"},{\"@type\":\"ListItem\",\"position\":2,\"name\":\"Desteya \u015faredariyan ji bo hilbijartina enc\u00eemen\u00ean xwecih\u00ee \u00fb \u015faredariyan bi endam\u00ean \u015faredariyan re civ\u00eenek li dar xist\"}]},{\"@type\":\"WebSite\",\"@id\":\"https:\/\/kurdi.saredariyenrojava.com\/#website\",\"url\":\"https:\/\/kurdi.saredariyenrojava.com\/\",\"name\":\"SaredariyenRojAva\",\"description\":\"SaredariyenRojAva\",\"potentialAction\":[{\"@type\":\"SearchAction\",\"target\":{\"@type\":\"EntryPoint\",\"urlTemplate\":\"https:\/\/kurdi.saredariyenrojava.com\/?s={search_term_string}\"},\"query-input\":{\"@type\":\"PropertyValueSpecification\",\"valueRequired\":true,\"valueName\":\"search_term_string\"}}],\"inLanguage\":\"en-US\"},{\"@type\":\"Person\",\"@id\":\"https:\/\/kurdi.saredariyenrojava.com\/#\/schema\/person\/0011128ed0a50e189a526491bfa6e3aa\",\"name\":\"\u0627\u0644\u0645\u0643\u062a\u0628 \u0627\u0644\u0627\u0639\u0644\u0627\u0645\u064a\",\"image\":{\"@type\":\"ImageObject\",\"inLanguage\":\"en-US\",\"@id\":\"https:\/\/secure.gravatar.com\/avatar\/26fc0528090175c76848aef7d59595fd8877426d22c907593168e8b4fb46e1f5?s=96&d=mm&r=g\",\"url\":\"https:\/\/secure.gravatar.com\/avatar\/26fc0528090175c76848aef7d59595fd8877426d22c907593168e8b4fb46e1f5?s=96&d=mm&r=g\",\"contentUrl\":\"https:\/\/secure.gravatar.com\/avatar\/26fc0528090175c76848aef7d59595fd8877426d22c907593168e8b4fb46e1f5?s=96&d=mm&r=g\",\"caption\":\"\u0627\u0644\u0645\u0643\u062a\u0628 \u0627\u0644\u0627\u0639\u0644\u0627\u0645\u064a\"},\"sameAs\":[\"https:\/\/saredariyenrojava.com\"]}]}<\/script>\n<!-- \/ Yoast SEO plugin. -->","yoast_head_json":{"title":"Desteya \u015faredariyan ji bo hilbijartina enc\u00eemen\u00ean xwecih\u00ee \u00fb \u015faredariyan bi endam\u00ean \u015faredariyan re civ\u00eenek li dar xist - SaredariyenRojAva","robots":{"index":"index","follow":"follow","max-snippet":"max-snippet:-1","max-image-preview":"max-image-preview:large","max-video-preview":"max-video-preview:-1"},"canonical":"https:\/\/kurdi.saredariyenrojava.com\/?p=1067","og_locale":"en_US","og_type":"article","og_title":"Desteya \u015faredariyan ji bo hilbijartina enc\u00eemen\u00ean xwecih\u00ee \u00fb \u015faredariyan bi endam\u00ean \u015faredariyan re civ\u00eenek li dar xist - SaredariyenRojAva","og_description":"Hevr\u00eaziya di desteya \u015faredariyan \u00fb ekoloj\u00ee Roz Tolhildan bi hem\u00fb endam\u00ean \u015faredariya gel a Tirbespiy\u00ea \u00fb \u015faredariy\u00ean gundan civ\u00eenek li dar xist Di civ\u00een\u00ea de hevala Roz rew\u015f\u00ean pol\u00eet\u00eek\u00ee y\u00ean ku li ser her\u00eama Rojava bi taybet \u00fb S\u00fbriy\u00ea bi gi\u015ft\u00ee \u00fb serkeftin\u00ean le\u015fker\u00ee \u00fb pol\u00eet\u00eek\u00ee an\u00ee ziman . Her wiha li ser rew\u015f\u00ean hilbijartin\u00ea genge\u015feyek \u00e7\u00eab\u00fb . Di dawiy\u00ea de\u00a0 ji\u00a0 bo girtina ner\u00een \u00fb pirsan derfetek vekirin. Niv\u00eesgeha ragihandin\u00ea y\u00ea \u015faredariya gel a Tirbespiy\u00ea","og_url":"https:\/\/kurdi.saredariyenrojava.com\/?p=1067","og_site_name":"SaredariyenRojAva","article_publisher":"https:\/\/www.facebook.com\/saredariyenrojava","article_published_time":"2017-11-15T10:09:01+00:00","og_image":[{"width":2048,"height":1365,"url":"https:\/\/kurdi.saredariyenrojava.com\/wp-content\/uploads\/2017\/11\/23634056_378840022546392_752909361_o.jpg","type":"image\/jpeg"}],"author":"\u0627\u0644\u0645\u0643\u062a\u0628 \u0627\u0644\u0627\u0639\u0644\u0627\u0645\u064a","twitter_card":"summary_large_image","twitter_creator":"@saredariyenroja","twitter_site":"@saredariyenroja","twitter_misc":{"Written by":"\u0627\u0644\u0645\u0643\u062a\u0628 \u0627\u0644\u0627\u0639\u0644\u0627\u0645\u064a"},"schema":{"@context":"https:\/\/schema.org","@graph":[{"@type":"Article","@id":"https:\/\/kurdi.saredariyenrojava.com\/?p=1067#article","isPartOf":{"@id":"https:\/\/kurdi.saredariyenrojava.com\/?p=1067"},"author":{"name":"\u0627\u0644\u0645\u0643\u062a\u0628 \u0627\u0644\u0627\u0639\u0644\u0627\u0645\u064a","@id":"https:\/\/kurdi.saredariyenrojava.com\/#\/schema\/person\/0011128ed0a50e189a526491bfa6e3aa"},"headline":"Desteya \u015faredariyan ji bo hilbijartina enc\u00eemen\u00ean xwecih\u00ee \u00fb \u015faredariyan bi endam\u00ean \u015faredariyan re civ\u00eenek li dar xist","datePublished":"2017-11-15T10:09:01+00:00","mainEntityOfPage":{"@id":"https:\/\/kurdi.saredariyenrojava.com\/?p=1067"},"wordCount":108,"commentCount":0,"image":{"@id":"https:\/\/kurdi.saredariyenrojava.com\/?p=1067#primaryimage"},"thumbnailUrl":"https:\/\/kurdi.saredariyenrojava.com\/wp-content\/uploads\/2017\/11\/23634056_378840022546392_752909361_o.jpg","articleSection":["Eastern Province"],"inLanguage":"en-US","potentialAction":[{"@type":"CommentAction","name":"Comment","target":["https:\/\/kurdi.saredariyenrojava.com\/?p=1067#respond"]}]},{"@type":"WebPage","@id":"https:\/\/kurdi.saredariyenrojava.com\/?p=1067","url":"https:\/\/kurdi.saredariyenrojava.com\/?p=1067","name":"Desteya \u015faredariyan ji bo hilbijartina enc\u00eemen\u00ean xwecih\u00ee \u00fb \u015faredariyan bi endam\u00ean \u015faredariyan re civ\u00eenek li dar xist - SaredariyenRojAva","isPartOf":{"@id":"https:\/\/kurdi.saredariyenrojava.com\/#website"},"primaryImageOfPage":{"@id":"https:\/\/kurdi.saredariyenrojava.com\/?p=1067#primaryimage"},"image":{"@id":"https:\/\/kurdi.saredariyenrojava.com\/?p=1067#primaryimage"},"thumbnailUrl":"https:\/\/kurdi.saredariyenrojava.com\/wp-content\/uploads\/2017\/11\/23634056_378840022546392_752909361_o.jpg","datePublished":"2017-11-15T10:09:01+00:00","author":{"@id":"https:\/\/kurdi.saredariyenrojava.com\/#\/schema\/person\/0011128ed0a50e189a526491bfa6e3aa"},"breadcrumb":{"@id":"https:\/\/kurdi.saredariyenrojava.com\/?p=1067#breadcrumb"},"inLanguage":"en-US","potentialAction":[{"@type":"ReadAction","target":["https:\/\/kurdi.saredariyenrojava.com\/?p=1067"]}]},{"@type":"ImageObject","inLanguage":"en-US","@id":"https:\/\/kurdi.saredariyenrojava.com\/?p=1067#primaryimage","url":"https:\/\/kurdi.saredariyenrojava.com\/wp-content\/uploads\/2017\/11\/23634056_378840022546392_752909361_o.jpg","contentUrl":"https:\/\/kurdi.saredariyenrojava.com\/wp-content\/uploads\/2017\/11\/23634056_378840022546392_752909361_o.jpg","width":2048,"height":1365},{"@type":"BreadcrumbList","@id":"https:\/\/kurdi.saredariyenrojava.com\/?p=1067#breadcrumb","itemListElement":[{"@type":"ListItem","position":1,"name":"Home","item":"https:\/\/kurdi.saredariyenrojava.com\/"},{"@type":"ListItem","position":2,"name":"Desteya \u015faredariyan ji bo hilbijartina enc\u00eemen\u00ean xwecih\u00ee \u00fb \u015faredariyan bi endam\u00ean \u015faredariyan re civ\u00eenek li dar xist"}]},{"@type":"WebSite","@id":"https:\/\/kurdi.saredariyenrojava.com\/#website","url":"https:\/\/kurdi.saredariyenrojava.com\/","name":"SaredariyenRojAva","description":"SaredariyenRojAva","potentialAction":[{"@type":"SearchAction","target":{"@type":"EntryPoint","urlTemplate":"https:\/\/kurdi.saredariyenrojava.com\/?s={search_term_string}"},"query-input":{"@type":"PropertyValueSpecification","valueRequired":true,"valueName":"search_term_string"}}],"inLanguage":"en-US"},{"@type":"Person","@id":"https:\/\/kurdi.saredariyenrojava.com\/#\/schema\/person\/0011128ed0a50e189a526491bfa6e3aa","name":"\u0627\u0644\u0645\u0643\u062a\u0628 \u0627\u0644\u0627\u0639\u0644\u0627\u0645\u064a","image":{"@type":"ImageObject","inLanguage":"en-US","@id":"https:\/\/secure.gravatar.com\/avatar\/26fc0528090175c76848aef7d59595fd8877426d22c907593168e8b4fb46e1f5?s=96&d=mm&r=g","url":"https:\/\/secure.gravatar.com\/avatar\/26fc0528090175c76848aef7d59595fd8877426d22c907593168e8b4fb46e1f5?s=96&d=mm&r=g","contentUrl":"https:\/\/secure.gravatar.com\/avatar\/26fc0528090175c76848aef7d59595fd8877426d22c907593168e8b4fb46e1f5?s=96&d=mm&r=g","caption":"\u0627\u0644\u0645\u0643\u062a\u0628 \u0627\u0644\u0627\u0639\u0644\u0627\u0645\u064a"},"sameAs":["https:\/\/saredariyenrojava.com"]}]}},"_links":{"self":[{"href":"https:\/\/kurdi.saredariyenrojava.com\/index.php?rest_route=\/wp\/v2\/posts\/1067","targetHints":{"allow":["GET"]}}],"collection":[{"href":"https:\/\/kurdi.saredariyenrojava.com\/index.php?rest_route=\/wp\/v2\/posts"}],"about":[{"href":"https:\/\/kurdi.saredariyenrojava.com\/index.php?rest_route=\/wp\/v2\/types\/post"}],"author":[{"embeddable":true,"href":"https:\/\/kurdi.saredariyenrojava.com\/index.php?rest_route=\/wp\/v2\/users\/3"}],"replies":[{"embeddable":true,"href":"https:\/\/kurdi.saredariyenrojava.com\/index.php?rest_route=%2Fwp%2Fv2%2Fcomments&post=1067"}],"version-history":[{"count":1,"href":"https:\/\/kurdi.saredariyenrojava.com\/index.php?rest_route=\/wp\/v2\/posts\/1067\/revisions"}],"predecessor-version":[{"id":1069,"href":"https:\/\/kurdi.saredariyenrojava.com\/index.php?rest_route=\/wp\/v2\/posts\/1067\/revisions\/1069"}],"wp:featuredmedia":[{"embeddable":true,"href":"https:\/\/kurdi.saredariyenrojava.com\/index.php?rest_route=\/wp\/v2\/media\/1068"}],"wp:attachment":[{"href":"https:\/\/kurdi.saredariyenrojava.com\/index.php?rest_route=%2Fwp%2Fv2%2Fmedia&parent=1067"}],"wp:term":[{"taxonomy":"category","embeddable":true,"href":"https:\/\/kurdi.saredariyenrojava.com\/index.php?rest_route=%2Fwp%2Fv2%2Fcategories&post=1067"},{"taxonomy":"post_tag","embeddable":true,"href":"https:\/\/kurdi.saredariyenrojava.com\/index.php?rest_route=%2Fwp%2Fv2%2Ftags&post=1067"}],"curies":[{"name":"wp","href":"https:\/\/api.w.org\/{rel}","templated":true}]}}